{"id":28148,"date":"2026-04-30T15:37:34","date_gmt":"2026-04-30T13:37:34","guid":{"rendered":"https:\/\/www.phoenixcom.cz\/press\/?p=28148"},"modified":"2026-04-30T15:37:34","modified_gmt":"2026-04-30T13:37:34","slug":"jak-na-perfektni-travnik-bez-zbytecne-driny-chytre-s-akumulatorovou-technikou","status":"publish","type":"post","link":"https:\/\/www.phoenixcom.cz\/press\/jak-na-perfektni-travnik-bez-zbytecne-driny-chytre-s-akumulatorovou-technikou\/","title":{"rendered":"Jak na perfektn\u00ed tr\u00e1vn\u00edk bez zbyte\u010dn\u00e9 d\u0159iny: Chyt\u0159e s akumul\u00e1torovou technikou"},"content":{"rendered":"<p><strong>Kdy\u017e se \u0159ekne \u201ekr\u00e1sn\u00fd tr\u00e1vn\u00edk\u201c, v\u011bt\u0161ina lid\u00ed si p\u0159edstav\u00ed hodiny pr\u00e1ce. Ve skute\u010dnosti je to sp\u00ed\u0161 o syst\u00e9mu ne\u017e o d\u0159in\u011b. Jakmile si \u010dlov\u011bk nastav\u00ed spr\u00e1vn\u00fd postup a pou\u017eije vhodn\u00e9 stroje, jde to p\u0159ekvapiv\u011b snadno \u2013 a hlavn\u011b rychle.<\/strong><\/p>\n<p>Z\u00e1klad, na kter\u00fd se \u010dasto zapom\u00edn\u00e1, je vertikutace. Bez n\u00ed tr\u00e1vn\u00edk postupn\u011b \u201ezadus\u00edte\u201c vrstvou travn\u00ed plsti a mechu. Jednodu\u0161e to vy\u0159e\u0161\u00edte se strojem <a href=\"https:\/\/www.stihl.cz\/cs\/p\/provzdusnovace-vertikutatory-rla-240-107874#rla-240-107874\">STIHL RLA 240<\/a>, kter\u00fd nab\u00edz\u00ed dva vym\u011bniteln\u00e9 v\u00e1lce. Prvn\u00ed v\u00e1lec obsahuje no\u017ee pro pro\u0159ez tr\u00e1vn\u00edku a m\u016f\u017eete s&nbsp;n\u00edm prov\u00e9st vertikutaci. Druh\u00fd v\u00e1lec obsahuje pru\u017einy, s&nbsp;nimi\u017e lze tr\u00e1vn\u00edk \u0161etrn\u011b vy\u010desat, bez hlub\u0161\u00edho pro\u0159ezu, jako je tomu u vertikuta\u010dn\u00edch no\u017e\u016f. D\u00edky pracovn\u00ed \u0161\u00ed\u0159ce 34 cm je tento model dob\u0159e ovladateln\u00fd i v \u010dlenit\u011bj\u0161\u00ed zahrad\u011b a snadno se dostane i do roh\u016f. Nav\u00edc si m\u016f\u017eete nastavit pracovn\u00ed hloubku podle stavu tr\u00e1vn\u00edku, tak\u017ee nejste odk\u00e1zan\u00ed na jedno univerz\u00e1ln\u00ed nastaven\u00ed. Velkou v\u00fdhodou je samoz\u0159ejm\u011b provoz na akumul\u00e1tory (AK-Syst\u00e9m) \u2013 \u017e\u00e1dn\u00e9 tah\u00e1n\u00ed prodlu\u017eova\u010dek, jen vezmete stroj a jdete pracovat.<strong>&nbsp;<\/strong><\/p>\n<p><strong>Se\u010de cel\u00e1 zem\u011b<\/strong><\/p>\n<p>Jakmile m\u00e1 tr\u00e1vn\u00edk \u201eprostor d\u00fdchat\u201c, p\u0159ich\u00e1z\u00ed na \u0159adu pravideln\u00e9 se\u010den\u00ed. Tady d\u00e1v\u00e1 smysl vsadit na stroj, kter\u00fd se p\u0159izp\u016fsob\u00ed v\u00e1m, ne naopak, a to je seka\u010dka <a href=\"https:\/\/www.stihl.cz\/cs\/p\/sekacky-rma-448-v-185059\">STIHL RMA 448 V<\/a>&nbsp;pat\u0159\u00edc\u00ed do akumul\u00e1torov\u00e9ho <a href=\"https:\/\/www.stihl.cz\/cs\/technologie\/aku-technologie\/ak-system\">AK-Syst\u00e9mu<\/a>. M\u00e1 variabiln\u00ed pojezd, tak\u017ee si rychlost nastav\u00edte podle tempa, kter\u00e9 v\u00e1m vyhovuje, klidn\u011b od pomal\u00e9ho veden\u00ed a\u017e po svi\u017en\u011bj\u0161\u00ed se\u010den\u00ed (2 a\u017e 4,5 km\/h) pomoc\u00ed ovl\u00e1dac\u00ed p\u00e1\u010dky na rukojeti. D\u00edky centr\u00e1ln\u00edmu nastaven\u00ed v\u00fd\u0161ky se\u010den\u00ed (v n\u011bkolika stupn\u00edch od n\u00edzk\u00e9ho \u201egolfov\u00e9ho\u201c st\u0159ihu a\u017e po vy\u0161\u0161\u00ed tr\u00e1vn\u00edk) si snadno p\u0159izp\u016fsob\u00edte v\u00fdsledek aktu\u00e1ln\u00edm podm\u00ednk\u00e1m. Praktick\u00e1 je i samotn\u00e1 variabilita se\u010den\u00ed \u2013 m\u016f\u017eete sb\u00edrat do ko\u0161e, vyu\u017e\u00edt bo\u010dn\u00ed nebo zadn\u00ed v\u00fdhoz nebo p\u0159epnout na integrovanou funkci mul\u010dov\u00e1n\u00ed. Ta se hod\u00ed v&nbsp;p\u0159\u00edpad\u011b, kdy nepot\u0159ebujete tr\u00e1vu sb\u00edrat do ko\u0161e, ale posta\u010d\u00ed v\u00e1m ji ponechat nadrobno nadrcenou v&nbsp;tr\u00e1vn\u00edm drnu.<\/p>\n<p>Multifunk\u010dn\u00ed n\u016f\u017e a optimalizovan\u00fd pr\u016ftok vzduchu pom\u00e1haj\u00ed s efektivn\u00edm sb\u011brem i \u00fasporou energie. A drobnost, kter\u00e1 pot\u011b\u0161\u00ed v praxi: ko\u0161 o objemu kolem 52 litr\u016f m\u00e1 bo\u010dn\u00ed p\u0159\u00edstup, tak\u017ee se snadno vyprazd\u0148uje a d\u00edky konstrukci je i manipulace s&nbsp;n\u00edm snadn\u00e1. Z\u00e1b\u011br se\u010den\u00ed m\u00e1 tento model 46 cm.<\/p>\n<p>Pokud m\u00e1te v\u011bt\u0161\u00ed zahradu a chcete m\u00e9n\u011b \u010dasto dob\u00edjet baterie, d\u00e1v\u00e1 smysl s\u00e1hnout po <a href=\"https:\/\/www.stihl.cz\/cs\/p\/sekacky-rma-448-pv-184962\">STIHL RMA 448 PV<\/a>, kter\u00fd vyu\u017e\u00edv\u00e1 akumul\u00e1torov\u00fd <a href=\"https:\/\/www.stihl.cz\/cs\/technologie\/aku-technologie\/ap-system\">AP-Syst\u00e9m<\/a>. Na prvn\u00ed pohled funguje podobn\u011b, ale rozd\u00edl pozn\u00e1te p\u0159i del\u0161\u00ed pr\u00e1ci \u2013 d\u00edky bateri\u00edm AP-Syst\u00e9mu, kter\u00e9 maj\u00ed v\u011bt\u0161\u00ed kapacitu, dok\u00e1\u017ee posekat v&nbsp;jednom pracovn\u00edm cyklu zhruba jednou tolik. Konkr\u00e9tn\u011b jde o plochu od 500 do 600 m<sup>2 <\/sup>s&nbsp;akumul\u00e1tory AP 300 S&nbsp;nebo AP 500 S. U seka\u010dky STIHL RMA 448 V&nbsp;zvl\u00e1dnete s&nbsp;akumul\u00e1tory AK 30 S&nbsp;z&nbsp;AK-Syst\u00e9mu plochu okolo 300 m<sup>2<\/sup>.<\/p>\n<p><strong>Cestou k dokonalosti<\/strong><\/p>\n<p>A pak p\u0159ich\u00e1z\u00ed ta \u010d\u00e1st, kter\u00e1 d\u011bl\u00e1 rozd\u00edl mezi \u201eposekan\u00fdm\u201c a opravdu upraven\u00fdm tr\u00e1vn\u00edkem. Okraje, m\u00edsta kolem plotu, strom\u016f nebo z\u00e1hon\u016f. Pr\u00e1v\u011b tady se hod\u00ed vy\u017e\u00edna\u010de <a href=\"https:\/\/www.stihl.cz\/cs\/p\/vyzinace-krovinorezy-fsa-50-215226\">STIHL FSA 50<\/a> (AK-Syst\u00e9m) nebo kompaktn\u011bj\u0161\u00ed <a href=\"https:\/\/www.stihl.cz\/cs\/p\/vyzinace-krovinorezy-fsa-30-186886\">FSA 30<\/a> (<a href=\"https:\/\/www.stihl.cz\/cs\/technologie\/aku-technologie\/as-system\">AS-Syst\u00e9m<\/a>). Jsou lehk\u00e9, dob\u0159e vyv\u00e1\u017een\u00e9 a d\u00edky nastaviteln\u00e9 \u017eac\u00ed hlav\u011b se s nimi dostanete p\u0159esn\u011b tam, kam pot\u0159ebujete. Oba nav\u00edc nab\u00edz\u00ed plynulou regulaci v\u00fdkonu a chytrou elektroniku, kter\u00e1 dr\u017e\u00ed konstantn\u00ed v\u00fdkon i p\u0159i ni\u017e\u0161\u00edm stavu baterie. Praktick\u00fd detail je i distan\u010dn\u00ed oblouk \u2013 d\u00edky n\u011bmu m\u016f\u017eete bezpe\u010dn\u011b dosek\u00e1vat t\u011bsn\u011b u p\u0159ek\u00e1\u017eek, ani\u017e byste je po\u0161kodili.<\/p>\n<p>Kdy\u017e se vybav\u00edte spr\u00e1vnou technikou, zjist\u00edte, \u017ee p\u00e9\u010de o tr\u00e1vn\u00edk neznamen\u00e1 \u201ese nad\u0159\u00edt\u201c. Sta\u010d\u00ed jednou za \u010das provzdu\u0161nit, pravideln\u011b sekat, a nakonec doladit detaily. Modern\u00ed akumul\u00e1torov\u00e9 stroje tomu nav\u00edc d\u00e1vaj\u00ed \u00fapln\u011b jin\u00fd rozm\u011br \u2013 tich\u00fd provoz, \u017e\u00e1dn\u00e9 kabely, minimum \u00fadr\u017eby.<\/p>\n<p>A v\u00fdsledek? Tr\u00e1vn\u00edk, kter\u00fd vypad\u00e1 dob\u0159e nejen po sek\u00e1n\u00ed, ale dlouhodob\u011b. Bez zbyte\u010dn\u00e9 n\u00e1mahy \u2013 a bez toho, aby v\u00e1m zabral cel\u00fd v\u00edkend.<strong>&nbsp;<\/strong><\/p>\n<p><strong>Doporu\u010den\u00e9 prodejn\u00ed ceny<\/strong><\/p>\n<p>Provzdu\u0161\u0148ova\u010d tr\u00e1vn\u00edku STIHL RLA 240 \u2013 6&nbsp;440 K\u010d<br \/>\nZahradn\u00ed seka\u010dka STIHL RMA 448 V \u2013 21&nbsp;990 K\u010d; STIHL RMA 448 PV &#8211; 19&nbsp;390 K\u010d (ak\u010dn\u00ed cena)<br \/>\nVy\u017e\u00edna\u010d STIHL FSA 50 \u2013 4&nbsp;580 K\u010d; STIHL FSA 30 \u2013 3&nbsp;050 K\u010d<\/p>\n<p><strong>Rada odborn\u00edka: Z\u00e1klad kr\u00e1sn\u00e9ho tr\u00e1vn\u00edku? Na\u010dasov\u00e1n\u00ed!<\/strong><\/p>\n<p>Pravideln\u00e9 sek\u00e1n\u00ed tr\u00e1vy je jedn\u00edm z nejd\u016fle\u017eit\u011bj\u0161\u00edch krok\u016f, jak udr\u017eet zahradu v dobr\u00e9 kondici. D\u00edky n\u011bmu tr\u00e1vn\u00edk houstne, l\u00e9pe odol\u00e1v\u00e1 plevel\u016fm a celkov\u011b p\u016fsob\u00ed upraven\u011b. B\u011bhem hlavn\u00ed sezony, tedy <strong>od dubna do \u0159\u00edjna<\/strong>, je ide\u00e1ln\u00ed sekat zhruba jednou za dva t\u00fddny. V&nbsp;hork\u00fdch letn\u00edch m\u011bs\u00edc\u00edch dejte ale sv\u00e9mu tr\u00e1vn\u00edku prostor. Roste pomaleji a sek\u00e1n\u00ed \u010dast\u011bji ne\u017e jednou za n\u011bkolik t\u00fddn\u016f, m\u016f\u017ee p\u0159isp\u00edvat k&nbsp;jeho vysych\u00e1n\u00ed. To sam\u00e9 plat\u00ed v&nbsp;p\u0159\u00edpad\u011b, \u017ee se chyst\u00e1te na dovolenou. Vy\u0161\u0161\u00ed porost je v\u016f\u010di slunci v&nbsp;parn\u00fdch letn\u00edch dnech odoln\u011bj\u0161\u00ed. Odlo\u017een\u00edm sek\u00e1n\u00ed po n\u00e1vratu prosp\u011bjete tr\u00e1vn\u00edku i sob\u011b \ud83d\ude0a.<\/p>\n<p>D\u016fle\u017eit\u00e9 je nepodce\u0148ovat ani dal\u0161\u00ed p\u00e9\u010di. Jednou z kl\u00ed\u010dov\u00fdch \u010dinnost\u00ed je vertikutace, tedy pro\u0159ez\u00e1n\u00ed tr\u00e1vn\u00edku. Pom\u016f\u017ee v\u00e1m odstranit mech, starou tr\u00e1vu a takzvanou travn\u00ed pls\u0165, kter\u00e1 br\u00e1n\u00ed tomu, aby se ke ko\u0159en\u016fm dost\u00e1val vzduch, voda a \u017eiviny. Vertikutaci je vhodn\u00e9 prov\u00e1d\u011bt <strong>dvakr\u00e1t ro\u010dn\u011b<\/strong> \u2013 na ja\u0159e a na podzim. Na ja\u0159e doporu\u010duji vzhledem k&nbsp;teplotn\u00edmu v\u00fdvoji v&nbsp;posledn\u00edch letech prov\u00e9st vertikutaci a\u017e na konci dubna. Pokud dubnov\u00fd term\u00edn jarn\u00ed vertikutace nestihnete, nic se ned\u011bje, m\u016f\u017eete ji prov\u00e9st je\u0161t\u011b v&nbsp;kv\u011btnu. Jen v&nbsp;p\u0159\u00edpad\u011b vy\u0161\u0161\u00edch teplot dop\u0159ejte tr\u00e1vn\u00edku po vertikutaci vydatnou z\u00e1livku, aby po z\u00e1sahu l\u00e9pe regeneroval.<\/p>\n<p>V&nbsp;p\u0159\u00edpad\u011b, \u017ee zasp\u00edte, a v\u00e1\u0161 tr\u00e1vn\u00edk je\u0161t\u011b v&nbsp;\u010dervnu nebude po vertikutaci, u\u017e ji ned\u011blejte a napl\u00e1nujte ji a\u017e na podzim. Vertikutace proveden\u00e1 v&nbsp;parn\u00e9m l\u00e9t\u011b toti\u017e pro tr\u00e1vn\u00edk znamen\u00e1 zbyte\u010dnou z\u00e1t\u011b\u017e a m\u016f\u017ee mu sp\u00ed\u0161e u\u0161kodit, ne\u017eli prosp\u011bt. Podzimn\u00ed term\u00edn pro vertikutaci je konec z\u00e1\u0159\u00ed nebo \u0159\u00edjen \u2013 v dob\u011b, kdy je\u0161t\u011b p\u016fda nen\u00ed naopak p\u0159\u00edli\u0161 mokr\u00e1. Ani na podzim tak nen\u00ed vertikutaci dobr\u00e9 p\u0159\u00edli\u0161 odkl\u00e1dat.<\/p>\n<p>Pravideln\u00e1, ale pom\u011brn\u011b jednoduch\u00e1 p\u00e9\u010de o tr\u00e1vn\u00edk zajist\u00ed, \u017ee va\u0161e zahrada bude vypadat dob\u0159e po cel\u00fd rok, ani\u017e byste j\u00ed museli v\u011bnovat p\u0159ehnan\u00e9 mno\u017estv\u00ed \u010dasu.<\/p>\n<p>V\u00e1clava Pi\u0161tora, zakladatel spole\u010dnosti PVJ Group, specializuj\u00edc\u00ed se na \u00fadr\u017ebu zelen\u011b&nbsp;&nbsp;<\/p>\n<a href=\"https:\/\/www.phoenixcom.cz\/press\/wp-content\/uploads\/TZ_STIHL_pece_o_travnik.doc\" class=\"sc_button sc_button_style_regular theme_button sc_button_size_medium\">St\u00e1hnout tiskovou zpr\u00e1vu<\/a>\nngg_shortcode_0_placeholder\n","protected":false},"excerpt":{"rendered":"<p>Kdy\u017e se \u0159ekne \u201ekr\u00e1sn\u00fd tr\u00e1vn\u00edk\u201c, v\u011bt\u0161ina lid\u00ed si p\u0159edstav\u00ed hodiny pr\u00e1ce. Ve skute\u010dnosti je to sp\u00ed\u0161 o syst\u00e9mu ne\u017e o d\u0159in\u011b. Jakmile si \u010dlov\u011bk nastav\u00ed spr\u00e1vn\u00fd postup a pou\u017eije vhodn\u00e9 stroje, jde to p\u0159ekvapiv\u011b snadno \u2013 a hlavn\u011b rychle. Z\u00e1klad, na kter\u00fd se \u010dasto zapom\u00edn\u00e1, je vertikutace. Bez n\u00ed tr\u00e1vn\u00edk postupn\u011b \u201ezadus\u00edte\u201c vrstvou travn\u00ed plsti [&hellip;]<\/p>\n","protected":false},"author":3,"featured_media":28158,"comment_status":"open","ping_status":"open","sticky":false,"template":"","format":"standard","meta":{"ngg_post_thumbnail":0},"categories":[40],"tags":[],"_links":{"self":[{"href":"https:\/\/www.phoenixcom.cz\/press\/wp-json\/wp\/v2\/posts\/28148"}],"collection":[{"href":"https:\/\/www.phoenixcom.cz\/press\/wp-json\/wp\/v2\/posts"}],"about":[{"href":"https:\/\/www.phoenixcom.cz\/press\/wp-json\/wp\/v2\/types\/post"}],"author":[{"embeddable":true,"href":"https:\/\/www.phoenixcom.cz\/press\/wp-json\/wp\/v2\/users\/3"}],"replies":[{"embeddable":true,"href":"https:\/\/www.phoenixcom.cz\/press\/wp-json\/wp\/v2\/comments?post=28148"}],"version-history":[{"count":1,"href":"https:\/\/www.phoenixcom.cz\/press\/wp-json\/wp\/v2\/posts\/28148\/revisions"}],"predecessor-version":[{"id":28160,"href":"https:\/\/www.phoenixcom.cz\/press\/wp-json\/wp\/v2\/posts\/28148\/revisions\/28160"}],"wp:featuredmedia":[{"embeddable":true,"href":"https:\/\/www.phoenixcom.cz\/press\/wp-json\/wp\/v2\/media\/28158"}],"wp:attachment":[{"href":"https:\/\/www.phoenixcom.cz\/press\/wp-json\/wp\/v2\/media?parent=28148"}],"wp:term":[{"taxonomy":"category","embeddable":true,"href":"https:\/\/www.phoenixcom.cz\/press\/wp-json\/wp\/v2\/categories?post=28148"},{"taxonomy":"post_tag","embeddable":true,"href":"https:\/\/www.phoenixcom.cz\/press\/wp-json\/wp\/v2\/tags?post=28148"}],"curies":[{"name":"wp","href":"https:\/\/api.w.org\/{rel}","templated":true}]}}