{"id":27907,"date":"2026-03-19T07:18:49","date_gmt":"2026-03-19T06:18:49","guid":{"rendered":"https:\/\/www.phoenixcom.cz\/press\/?p=27907"},"modified":"2026-03-19T07:22:26","modified_gmt":"2026-03-19T06:22:26","slug":"studenti-ze-zatce-vyvinuli-obranu-proti-blackoutum-budou-reprezentovat-cesko-v-evrope","status":"publish","type":"post","link":"https:\/\/www.phoenixcom.cz\/press\/studenti-ze-zatce-vyvinuli-obranu-proti-blackoutum-budou-reprezentovat-cesko-v-evrope\/","title":{"rendered":"Studenti ze \u017datce vyvinuli obranu proti blackout\u016fm. Budou reprezentovat \u010cesko v Evrop\u011b!"},"content":{"rendered":"<p><strong>Spole\u010dnost NOARK Electric vyhl\u00e1sila v\u00edt\u011bze \u010desk\u00e9ho n\u00e1rodn\u00edho kola p\u00e1t\u00e9ho ro\u010dn\u00edku mezin\u00e1rodn\u00ed sout\u011b\u017ee NOARK pln\u00ed sny \u0161kol\u00e1m. V\u00edt\u011bzem se stala SP\u0160E \u017datec s&nbsp;projektem, kter\u00fd p\u0159edstavuje lok\u00e1ln\u00ed obranu proti v\u00fdpadk\u016fm elekt\u0159iny a p\u0159et\u011b\u017eov\u00e1n\u00ed elektrick\u00e9 s\u00edt\u011b. V\u00edt\u011bzn\u00fd projekt bude \u010cR reprezentovat na evropsk\u00e9m fin\u00e1le sout\u011b\u017ee, je\u017e se uskute\u010dn\u00ed na p\u0159elomu b\u0159ezna a dubna v Praze. Druh\u00e9 m\u00edsto obsadila S\u0160T Znojmo s projektem \u201eInteligentn\u00ed syst\u00e9m hybridn\u00ed fotovoltaiky\u201c a bronz z\u00edskala St\u0159edn\u00ed \u0161kola informatiky, po\u0161tovnictv\u00ed a finan\u010dnictv\u00ed Brno s projektem \u201eInteligentn\u00ed zast\u00e1vka\u201c.<\/strong><\/p>\n<p>Sout\u011b\u017e NOARK pln\u00ed sny \u0161kol\u00e1m podporuje technick\u00e9 vzd\u011bl\u00e1v\u00e1n\u00ed a propojuje \u0161koly s re\u00e1lnou pr\u016fmyslovou prax\u00ed. Studenti navrhuj\u00ed a realizuj\u00ed vlastn\u00ed funk\u010dn\u00ed projekty s vyu\u017eit\u00edm elektrotechnick\u00fdch komponent\u016f z praxe a sv\u00e9 \u0159e\u0161en\u00ed obhajuj\u00ed p\u0159ed odbornou porotou i ve\u0159ejnost\u00ed.<\/p>\n<p>Do leto\u0161n\u00edho ro\u010dn\u00edku se zapojilo 93 st\u0159edn\u00edch elektrotechnick\u00fdch \u0161kol z osmi evropsk\u00fdch zem\u00ed, z toho 25 z \u010cesk\u00e9 republiky. Ve\u0159ejn\u00e9 hlasov\u00e1n\u00ed na webu <a href=\"http:\/\/www.noark-schools.com\">www.noark-schools.com<\/a> p\u0159ineslo t\u00e9m\u011b\u0159 100 000 hlas\u016f nap\u0159\u00ed\u010d Evropou, z toho bezm\u00e1la 20 000 jen v \u010cR. Nejlep\u0161\u00ed projekty postoupily do \u010desk\u00e9ho fin\u00e1le, kde o v\u00edt\u011bzi rozhodla odborn\u00e1 porota NOARK Electric. <em>\u201eV\u00edt\u011bz n\u00e1rodn\u00edho kola z\u00edsk\u00e1v\u00e1 pr\u00e1vo reprezentovat svou zemi ve fin\u00e1le, kde se st\u0159etnou nejlep\u0161\u00ed evropsk\u00e9 t\u00fdmy o cenu 200 tis\u00edc korun pro svou \u0161kolu a elektrotechnick\u00e9 produkty v hodnot\u011b 50 tis\u00edc,\u201c <\/em>\u0159\u00edk\u00e1 <strong>Karel Havl\u00ed\u010dek, \u0159editel evropsk\u00e9ho marketingu NOARK Electric<\/strong>. Tato spole\u010dnost, kter\u00e1 za \u0161koln\u00ed sout\u011b\u017e\u00ed stoj\u00ed ji\u017e p\u00e1t\u00fdm rokem, se zab\u00fdv\u00e1 v\u00fdvojem a v\u00fdrobou elektrotechnick\u00fdch p\u0159\u00edstroj\u016f po cel\u00e9m sv\u011bt\u011b a aktivity v&nbsp;Evrop\u011b \u0159\u00edd\u00ed ze sv\u00e9 pra\u017esk\u00e9 centr\u00e1ly.<\/p>\n<p><strong>\u017dateck\u00e1 obrana proti blackout\u016fm m\u00ed\u0159\u00ed do Evropy<\/strong><\/p>\n<p>Letos se \u010desk\u00fdm v\u00edt\u011bzem a z\u00e1stupcem v evropsk\u00e9m fin\u00e1le stala p\u011btice \u017e\u00e1k\u016f ve v\u011bku 18\u201320 let, kte\u0159\u00ed studuj\u00ed St\u0159edn\u00ed pr\u016fmyslovou \u0161kolu elektrotechnickou \u017datec. Jejich projekt reaguje na probl\u00e9m, kter\u00fd \u0159e\u0161\u00ed cel\u00e1 Evropa \u2013 jak zvl\u00e1dat kol\u00eds\u00e1n\u00ed v\u00fdroby elekt\u0159iny ze slunce a v\u011btru, a p\u0159itom udr\u017eet s\u00ed\u0165 stabiln\u00ed.<\/p>\n<p><em>\u201eN\u00e1\u0161 syst\u00e9m je zjednodu\u0161en\u011b \u0159e\u010deno obranou proti blackoutu. Neust\u00e1le sleduje, kolik elekt\u0159iny se vyr\u00e1b\u00ed a kolik spot\u0159ebov\u00e1v\u00e1. Kdy\u017e je j\u00ed p\u0159ebytek, ulo\u017e\u00ed ji. Kdy\u017e naopak chyb\u00ed, dok\u00e1\u017ee ji vr\u00e1tit zp\u011bt do provozu. C\u00edlem je, aby nedoch\u00e1zelo k v\u00fdpadk\u016fm ani k p\u0159et\u00ed\u017een\u00ed,\u201c<\/em> vysv\u011btluje <strong>Tom\u00e1\u0161 Tieze, u\u010ditel \u017eateck\u00fdch student\u016f a mentor projektu. <\/strong>Podle n\u011bj nejde jen o technick\u00fd experiment, ale reakci na velmi konkr\u00e9tn\u00ed probl\u00e9m<em>. \u201eVelk\u00e9 v\u00fdkyvy v\u00fdroby extr\u00e9mn\u011b zat\u011b\u017euj\u00ed a opot\u0159ebov\u00e1vaj\u00ed p\u00e1te\u0159n\u00ed energetickou s\u00ed\u0165. To znamen\u00e1 obrovsk\u00e9 investice do jej\u00edho posilov\u00e1n\u00ed a oprav. Pokud se \u010d\u00e1st stabilizace p\u0159esune na lok\u00e1ln\u00ed \u00farove\u0148 \u2013 tedy do obc\u00ed, firem nebo pr\u016fmyslov\u00fdch are\u00e1l\u016f \u2013 s\u00ed\u0165 nebude tak zat\u00ed\u017een\u00e1. Pom\u016f\u017ee to p\u0159edch\u00e1zet blackout\u016fm, zvy\u0161ovat \u017eivotnost p\u00e1te\u0159n\u00ed s\u00edt\u011b i sni\u017eovat n\u00e1klady na jej\u00ed \u00fadr\u017ebu a obnovu.\u201c<\/em><\/p>\n<p>Model, kter\u00fd studenti postavili, je pln\u011b funk\u010dn\u00ed, ale demonstra\u010dn\u00ed. V re\u00e1ln\u00e9m m\u011b\u0159\u00edtku by podobn\u00e9 za\u0159\u00edzen\u00ed m\u011blo velikost nap\u0159\u00edklad men\u0161\u00ed vod\u00e1rensk\u00e9 v\u011b\u017ee. Technick\u00e9 \u0159e\u0161en\u00ed, pou\u017eit\u00e9 komponenty i 3D model \u0159e\u0161en\u00ed jsou ve\u0159ejn\u011b dostupn\u00e9 na webu, kter\u00fd studenti sami k&nbsp;projektu vytvo\u0159ili \u2013 <a href=\"http:\/\/www.skpn.eu\">www.skpn.eu<\/a>.<\/p>\n<p><strong>Projekt, kter\u00fd nen\u00ed \u201edo \u0161upl\u00edku\u201c<\/strong><\/p>\n<p>T\u00fdm ve slo\u017een\u00ed <strong>Martin Dibl\u00ed\u010dek, Barbora Kudrnov\u00e1, Luk\u00e1\u0161 Med, Marek Matou\u0161ek a Michael Schediv\u00fd<\/strong> od za\u010d\u00e1tku pracoval s viz\u00ed vytvo\u0159it \u0159e\u0161en\u00ed, kter\u00e9 obstoj\u00ed v&nbsp;re\u00e1ln\u00e9m sv\u011bt\u011b. Vznikl tak pln\u011b funk\u010dn\u00ed syst\u00e9m, kter\u00fd studenti sami navrhli, postavili, zapojili a testovali, aby fungoval spolehliv\u011b v r\u016fzn\u00fdch sc\u00e9n\u00e1\u0159\u00edch. <em>\u201eOd za\u010d\u00e1tku jsme si \u0159\u00edkali, \u017ee nechceme vytvo\u0159it projekt do \u0161upl\u00edku. Proto jsme \u0161li v\u00edc do hloubky a n\u00e1\u0161 postup konzultovali i s odborn\u00edky z praxe, mimo jin\u00e9 s experty z \u010cEZ Distribuce. Byla to spousta pr\u00e1ce nav\u00edc, ale mysl\u00edm, \u017ee pr\u00e1v\u011b d\u00edky n\u00ed jsme \u010desk\u00e9 kolo vyhr\u00e1li. A dost\u00e1v\u00e1me te\u010f \u00fa\u017easnou \u0161anci reprezentovat na\u0161i \u0161kolu, \u017datec a celou \u010cR v&nbsp;evropsk\u00e9m fin\u00e1le,\u201c <\/em>\u0159\u00edk\u00e1 devaten\u00e1ctilet\u00fd <strong>l\u00eddr t\u00fdmu Marek Matou\u0161ek.<\/strong><\/p>\n<p>Z\u00e1pal student\u016f byl podle jejich mentora v\u00fdjime\u010dn\u00fd. <em>\u201eU projektu tr\u00e1vili prakticky ve\u0161ker\u00fd voln\u00fd \u010das. N\u011bkdy jsme kon\u010dili i v&nbsp;deset nebo jeden\u00e1ct ve\u010der \u2013 a byl jsem to j\u00e1, kdo je musel pos\u00edlat dom\u016f. To se pedagog\u016fm opravdu moc \u010dasto ned\u011bje,\u201c <\/em>\u0159\u00edk\u00e1 se sm\u00edchem <strong>Tom\u00e1\u0161 Tieze<\/strong> a dopl\u0148uje: <em>\u201eVelice m\u011b t\u011b\u0161\u00ed, jak siln\u011b tato praktick\u00e1 aplikace \u017e\u00e1ky oslovila. Projekt je vt\u00e1hl natolik, \u017ee nad n\u00edm p\u0159em\u00fd\u0161leli i nad r\u00e1mec samotn\u00e9ho zad\u00e1n\u00ed a projevovali z\u00e1jem o jeho principy i dal\u0161\u00ed mo\u017en\u00e9 vyu\u017eit\u00ed. Pr\u00e1v\u011b takov\u00e1 p\u0159irozen\u00e1 motivace a chu\u0165 v\u011bci d\u00e1l rozv\u00edjet jsou podle m\u011b jedn\u00edm z nejcenn\u011bj\u0161\u00edch v\u00fdsledk\u016f cel\u00e9 pr\u00e1ce.\u201c<\/em><\/p>\n<p><strong>Kdy\u017e \u0161koln\u00ed projekty reaguj\u00ed na realitu<\/strong><\/p>\n<p>Sout\u011b\u017e m\u00e1 dlouhodobou podporu odborn\u00e9 ve\u0159ejnosti, jeliko\u017e nad evropsk\u00fdm fin\u00e1le op\u011bt p\u0159evzal patron\u00e1t Svaz modern\u00ed energetiky. <em>\u201eSout\u011b\u017e NOARK pln\u00ed sny \u0161kol\u00e1m ukazuje, \u017ee technick\u00e9 vzd\u011bl\u00e1v\u00e1n\u00ed m\u00e1 smysl tehdy, kdy\u017e reaguje na skute\u010dn\u00e9 probl\u00e9my praxe. Stabilita s\u00edt\u00ed, digitalizace i lok\u00e1ln\u00ed \u0159\u00edzen\u00ed energie budou st\u00e1le d\u016fle\u017eit\u011bj\u0161\u00ed,\u201c<\/em> \u0159\u00edk\u00e1 <strong>Tom\u00e1\u0161 Buzrla, v\u00fdkonn\u00fd \u0159editel Svazu modern\u00ed energetiky,<\/strong> a dod\u00e1v\u00e1: <em>\u201eLo\u0148sk\u00fd masivn\u00ed blackout ve \u0160pan\u011blsku uk\u00e1zal, jak citliv\u00e9 mohou b\u00fdt energetick\u00e9 soustavy p\u0159i vysok\u00e9m pod\u00edlu obnoviteln\u00fdch zdroj\u016f bez dostate\u010dn\u00e9 lok\u00e1ln\u00ed stability. To je celoevropsk\u00e1 v\u00fdzva. Pr\u00e1v\u011b obce a m\u011bsta mohou hr\u00e1t kl\u00ed\u010dovou roli \u2013 lok\u00e1ln\u00ed akumulace a \u0159\u00edzen\u00ed energie jsou konkr\u00e9tn\u00ed n\u00e1stroje, jak zv\u00fd\u0161it odolnost. Studentsk\u00e9 projekty mo\u017en\u00e1 nejsou hotov\u00fdm \u0159e\u0161en\u00edm, ale mohou obsahovat \u00fa\u017easn\u00e9 n\u00e1pady, kter\u00e9 pomohou probl\u00e9m efektivn\u011b \u0159e\u0161it<\/em>.\u201c<\/p>\n<a href=\"https:\/\/www.phoenixcom.cz\/press\/wp-content\/uploads\/TZ-NOARK-Z\u030catecka\u0301-obrana-proti-blackoutu\u030am-mi\u0301r\u030ci\u0301-do-Evropy-FINAL.docx\" class=\"sc_button sc_button_style_regular theme_button sc_button_size_medium\">St\u00e1hnout tiskovou zpr\u00e1vu<\/a>\n<p>&nbsp;<\/p>\nngg_shortcode_0_placeholder\n<p>&nbsp;<\/p>\n","protected":false},"excerpt":{"rendered":"<p>Spole\u010dnost NOARK Electric vyhl\u00e1sila v\u00edt\u011bze \u010desk\u00e9ho n\u00e1rodn\u00edho kola p\u00e1t\u00e9ho ro\u010dn\u00edku mezin\u00e1rodn\u00ed sout\u011b\u017ee NOARK pln\u00ed sny \u0161kol\u00e1m. V\u00edt\u011bzem se stala SP\u0160E \u017datec s&nbsp;projektem, kter\u00fd p\u0159edstavuje lok\u00e1ln\u00ed obranu proti v\u00fdpadk\u016fm elekt\u0159iny a p\u0159et\u011b\u017eov\u00e1n\u00ed elektrick\u00e9 s\u00edt\u011b. V\u00edt\u011bzn\u00fd projekt bude \u010cR reprezentovat na evropsk\u00e9m fin\u00e1le sout\u011b\u017ee, je\u017e se uskute\u010dn\u00ed na p\u0159elomu b\u0159ezna a dubna v Praze. Druh\u00e9 m\u00edsto obsadila [&hellip;]<\/p>\n","protected":false},"author":3,"featured_media":27914,"comment_status":"open","ping_status":"open","sticky":false,"template":"","format":"standard","meta":{"ngg_post_thumbnail":0},"categories":[861],"tags":[],"_links":{"self":[{"href":"https:\/\/www.phoenixcom.cz\/press\/wp-json\/wp\/v2\/posts\/27907"}],"collection":[{"href":"https:\/\/www.phoenixcom.cz\/press\/wp-json\/wp\/v2\/posts"}],"about":[{"href":"https:\/\/www.phoenixcom.cz\/press\/wp-json\/wp\/v2\/types\/post"}],"author":[{"embeddable":true,"href":"https:\/\/www.phoenixcom.cz\/press\/wp-json\/wp\/v2\/users\/3"}],"replies":[{"embeddable":true,"href":"https:\/\/www.phoenixcom.cz\/press\/wp-json\/wp\/v2\/comments?post=27907"}],"version-history":[{"count":2,"href":"https:\/\/www.phoenixcom.cz\/press\/wp-json\/wp\/v2\/posts\/27907\/revisions"}],"predecessor-version":[{"id":27917,"href":"https:\/\/www.phoenixcom.cz\/press\/wp-json\/wp\/v2\/posts\/27907\/revisions\/27917"}],"wp:featuredmedia":[{"embeddable":true,"href":"https:\/\/www.phoenixcom.cz\/press\/wp-json\/wp\/v2\/media\/27914"}],"wp:attachment":[{"href":"https:\/\/www.phoenixcom.cz\/press\/wp-json\/wp\/v2\/media?parent=27907"}],"wp:term":[{"taxonomy":"category","embeddable":true,"href":"https:\/\/www.phoenixcom.cz\/press\/wp-json\/wp\/v2\/categories?post=27907"},{"taxonomy":"post_tag","embeddable":true,"href":"https:\/\/www.phoenixcom.cz\/press\/wp-json\/wp\/v2\/tags?post=27907"}],"curies":[{"name":"wp","href":"https:\/\/api.w.org\/{rel}","templated":true}]}}