{"id":27899,"date":"2026-03-18T13:48:40","date_gmt":"2026-03-18T12:48:40","guid":{"rendered":"https:\/\/www.phoenixcom.cz\/press\/?p=27899"},"modified":"2026-03-18T13:48:40","modified_gmt":"2026-03-18T12:48:40","slug":"jaro-je-idealni-cas-dat-travniku-novy-zivot-pomuze-vertikutace","status":"publish","type":"post","link":"https:\/\/www.phoenixcom.cz\/press\/jaro-je-idealni-cas-dat-travniku-novy-zivot-pomuze-vertikutace\/","title":{"rendered":"Jaro je ide\u00e1ln\u00ed \u010das d\u00e1t tr\u00e1vn\u00edku nov\u00fd \u017eivot. Pom\u016f\u017ee vertikutace"},"content":{"rendered":"<p><strong>Po zim\u011b b\u00fdv\u00e1 tr\u00e1vn\u00edk oslaben\u00fd, zanesen\u00fd zbytky star\u00e9 tr\u00e1vy a \u010dasto ztr\u00e1c\u00ed svou kondici. Pr\u00e1v\u011b jaro je ide\u00e1ln\u00ed obdob\u00ed, kdy mu dop\u0159\u00e1t p\u00e9\u010di, kter\u00e1 ho vr\u00e1t\u00ed zp\u011bt do formy. Jedn\u00edm z nej\u00fa\u010dinn\u011bj\u0161\u00edch krok\u016f je vertikutace \u2013 jednoduch\u00fd z\u00e1sah, kter\u00fd m\u00e1 p\u0159ekvapiv\u011b velk\u00fd efekt.<\/strong><\/p>\n<p><strong>Zima se na tr\u00e1vn\u00edku podep\u00ed\u0161e v\u00edc, ne\u017e se zd\u00e1<\/strong><\/p>\n<p>Zimn\u00ed m\u011bs\u00edce d\u00e1vaj\u00ed tr\u00e1vn\u00edku zabrat. Kombinace chladu, vlhkosti a nedostatku sv\u011btla zp\u016fsobuje jeho oslaben\u00ed. Na povrchu se nav\u00edc postupn\u011b vytv\u00e1\u0159\u00ed vrstva zbytk\u016f star\u00e9 tr\u00e1vy a mechu, tzv. travn\u00ed pls\u0165. Ta funguje jako bari\u00e9ra \u2013 omezuje p\u0159\u00edstup vzduchu, vody i \u017eivin ke ko\u0159en\u016fm. Tr\u00e1vn\u00edk pak h\u016f\u0159 roste, ztr\u00e1c\u00ed hustotu a m\u016f\u017ee b\u00fdt n\u00e1chyln\u011bj\u0161\u00ed k r\u016fzn\u00fdm probl\u00e9m\u016fm.<\/p>\n<p><strong>Vertikutace vrac\u00ed tr\u00e1vn\u00edku kondici<\/strong><\/p>\n<p>\u0158e\u0161en\u00edm je vertikutace, tedy mechanick\u00e9 \u201epro\u0159ez\u00e1n\u00ed\u201c povrchu tr\u00e1vn\u00edku. Speci\u00e1ln\u00ed no\u017ee naru\u0161\u00ed vrchn\u00ed vrstvu p\u016fdy a odstran\u00ed nahromad\u011bnou pls\u0165 i dal\u0161\u00ed ne\u010distoty. D\u00edky tomu se p\u016fda provzdu\u0161n\u00ed a ke ko\u0159en\u016fm se znovu dostane v\u0161e, co pot\u0159ebuj\u00ed \u2013 vzduch, voda i \u017eiviny. Tr\u00e1va pak l\u00e9pe regeneruje a za\u010d\u00edn\u00e1 znovu r\u016fst hust\u011bji a rovnom\u011brn\u011bji.<\/p>\n<p>Efekt vertikutace je znateln\u00fd pom\u011brn\u011b rychle. Tr\u00e1vn\u00edk z\u00edsk\u00e1 lep\u0161\u00ed barvu, zes\u00edl\u00ed a postupn\u011b se zahust\u00ed. Z\u00e1rove\u0148 se omez\u00ed v\u00fdskyt mechu a zlep\u0161\u00ed se schopnost p\u016fdy vsakovat vodu. <em>\u201ePokud chcete m\u00edt tr\u00e1vn\u00edk opravdu p\u011bkn\u00fd, vertikutaci byste nem\u011bli vynech\u00e1vat. Na ja\u0159e m\u00e1 nejv\u011bt\u0161\u00ed efekt, proto\u017ee tr\u00e1va m\u00e1 ide\u00e1ln\u00ed podm\u00ednky pro regeneraci a probouz\u00ed se k&nbsp;r\u016fstu a tr\u00e1vn\u00edk se tak dok\u00e1\u017ee rychle zotavit.\u201c<\/em> <strong>\u0159\u00edk\u00e1 Ivo \u017dirovnick\u00fd, produktov\u00fd mana\u017eer zna\u010dky FIELDMANN<\/strong>.<\/p>\n<p><strong>Pomocn\u00edk, kter\u00fd pr\u00e1ci usnadn\u00ed<\/strong><\/p>\n<p>Aby m\u011bla vertikutace opravdu smysl, vyplat\u00ed se s\u00e1hnout po kvalitn\u00edm stroji. Nap\u0159\u00edklad <a href=\"https:\/\/www.fieldmann.cz\/vertikutator-fzv-2005-e\">elektrick\u00fd vertikut\u00e1tor FIELDMANN FZV 2005-E<\/a> je vhodn\u00fd pro b\u011b\u017enou \u00fadr\u017ebu zahrady a zvl\u00e1dne pr\u00e1ci bez zbyte\u010dn\u00e9 n\u00e1mahy. D\u00edky ostr\u00fdm no\u017e\u016fm \u00fa\u010dinn\u011b odstran\u00ed travn\u00ed pls\u0165 a naru\u0161\u00ed zhutn\u011bnou vrstvu p\u016fdy. Elektrick\u00fd pohon znamen\u00e1 snadn\u00e9 ovl\u00e1d\u00e1n\u00ed i ti\u0161\u0161\u00ed provoz, co\u017e ocen\u00ed ka\u017ed\u00fd, kdo chce m\u00edt zahradu v kondici bez slo\u017eit\u00e9 techniky.<\/p>\n<p>Zdrav\u00fd tr\u00e1vn\u00edk nen\u00ed ot\u00e1zkou slo\u017eit\u00e9 p\u00e9\u010de, ale spr\u00e1vn\u00fdch krok\u016f ve spr\u00e1vn\u00fd \u010das. Vertikutace pat\u0159\u00ed mezi ty nejd\u016fle\u017eit\u011bj\u0161\u00ed. Kdy\u017e ji na ja\u0159e nevynech\u00e1te, tr\u00e1vn\u00edk se v\u00e1m odm\u011bn\u00ed hust\u00fdm r\u016fstem, sytou barvou a celkov\u011b lep\u0161\u00edm vzhledem po celou sez\u00f3nu.<\/p>\n<p><strong><em>Kompletn\u00ed nab\u00eddku vertikut\u00e1tor\u016f Fieldmann pro rok 2026 najdete na webu <\/em><\/strong><a href=\"https:\/\/www.fieldmann.cz\/vertikutatory\"><strong><em>fieldmann.cz<\/em><\/strong><\/a><strong><em>.<\/em><\/strong><\/p>\n<a href=\"https:\/\/www.phoenixcom.cz\/press\/wp-content\/uploads\/TZ_Fieldmann_vertikutace.docx\" class=\"sc_button sc_button_style_regular theme_button sc_button_size_medium\">St\u00e1hnout tiskovou zpr\u00e1vu<\/a>\nngg_shortcode_0_placeholder\n","protected":false},"excerpt":{"rendered":"<p>Po zim\u011b b\u00fdv\u00e1 tr\u00e1vn\u00edk oslaben\u00fd, zanesen\u00fd zbytky star\u00e9 tr\u00e1vy a \u010dasto ztr\u00e1c\u00ed svou kondici. Pr\u00e1v\u011b jaro je ide\u00e1ln\u00ed obdob\u00ed, kdy mu dop\u0159\u00e1t p\u00e9\u010di, kter\u00e1 ho vr\u00e1t\u00ed zp\u011bt do formy. Jedn\u00edm z nej\u00fa\u010dinn\u011bj\u0161\u00edch krok\u016f je vertikutace \u2013 jednoduch\u00fd z\u00e1sah, kter\u00fd m\u00e1 p\u0159ekvapiv\u011b velk\u00fd efekt. Zima se na tr\u00e1vn\u00edku podep\u00ed\u0161e v\u00edc, ne\u017e se zd\u00e1 Zimn\u00ed m\u011bs\u00edce d\u00e1vaj\u00ed [&hellip;]<\/p>\n","protected":false},"author":3,"featured_media":27904,"comment_status":"open","ping_status":"open","sticky":false,"template":"","format":"standard","meta":{"ngg_post_thumbnail":0},"categories":[1388],"tags":[],"_links":{"self":[{"href":"https:\/\/www.phoenixcom.cz\/press\/wp-json\/wp\/v2\/posts\/27899"}],"collection":[{"href":"https:\/\/www.phoenixcom.cz\/press\/wp-json\/wp\/v2\/posts"}],"about":[{"href":"https:\/\/www.phoenixcom.cz\/press\/wp-json\/wp\/v2\/types\/post"}],"author":[{"embeddable":true,"href":"https:\/\/www.phoenixcom.cz\/press\/wp-json\/wp\/v2\/users\/3"}],"replies":[{"embeddable":true,"href":"https:\/\/www.phoenixcom.cz\/press\/wp-json\/wp\/v2\/comments?post=27899"}],"version-history":[{"count":1,"href":"https:\/\/www.phoenixcom.cz\/press\/wp-json\/wp\/v2\/posts\/27899\/revisions"}],"predecessor-version":[{"id":27906,"href":"https:\/\/www.phoenixcom.cz\/press\/wp-json\/wp\/v2\/posts\/27899\/revisions\/27906"}],"wp:featuredmedia":[{"embeddable":true,"href":"https:\/\/www.phoenixcom.cz\/press\/wp-json\/wp\/v2\/media\/27904"}],"wp:attachment":[{"href":"https:\/\/www.phoenixcom.cz\/press\/wp-json\/wp\/v2\/media?parent=27899"}],"wp:term":[{"taxonomy":"category","embeddable":true,"href":"https:\/\/www.phoenixcom.cz\/press\/wp-json\/wp\/v2\/categories?post=27899"},{"taxonomy":"post_tag","embeddable":true,"href":"https:\/\/www.phoenixcom.cz\/press\/wp-json\/wp\/v2\/tags?post=27899"}],"curies":[{"name":"wp","href":"https:\/\/api.w.org\/{rel}","templated":true}]}}