{"id":27611,"date":"2026-01-28T13:52:23","date_gmt":"2026-01-28T12:52:23","guid":{"rendered":"https:\/\/www.phoenixcom.cz\/press\/?p=27611"},"modified":"2026-01-28T13:52:23","modified_gmt":"2026-01-28T12:52:23","slug":"nejprodavanejsi-znacka-motorovych-pil-na-svete-slavi-ste-vyroci-vytvorena-pro-prirodu-po-vasem-boku-od-roku-1926","status":"publish","type":"post","link":"https:\/\/www.phoenixcom.cz\/press\/nejprodavanejsi-znacka-motorovych-pil-na-svete-slavi-ste-vyroci-vytvorena-pro-prirodu-po-vasem-boku-od-roku-1926\/","title":{"rendered":"Nejprod\u00e1van\u011bj\u0161\u00ed zna\u010dka motorov\u00fdch pil na sv\u011bt\u011b slav\u00ed st\u00e9 v\u00fdro\u010d\u00ed: Vytvo\u0159ena pro p\u0159\u00edrodu. Po va\u0161em boku od roku 1926."},"content":{"rendered":"<p><strong>To, co v roce 1926 za\u010dalo jako pr\u00e1ce jednoho mu\u017ee v d\u00edln\u011b ve Stuttgartu, se postupem \u010dasu stalo glob\u00e1ln\u00edm standardem pro akumul\u00e1torovou i benzinovou techniku ur\u010denou pro lesnictv\u00ed, \u00fadr\u017ebu zelen\u011b i pou\u017eit\u00ed v dom\u00e1cnostech. Glob\u00e1ln\u011b p\u016fsob\u00edc\u00ed rodinn\u00e1 firma STIHL, pevn\u011b zakotven\u00e1 v tradici benzinov\u00fdch v\u00fdrobk\u016f, dnes v\u011bdom\u011b uplat\u0148uje dvoj\u00ed strategii. Velk\u00fd potenci\u00e1l vid\u00ed i v akumul\u00e1torov\u00fdch technologi\u00edch a svou budoucnost ve vedouc\u00edm postaven\u00ed v obou discipl\u00edn\u00e1ch. <\/strong><\/p>\n<p>\u201e\u017d\u00e1dn\u00e1 spole\u010dnost, kter\u00e1 dos\u00e1hne \u00factyhodn\u00e9ho v\u011bku 100 let, ne\u017eije pouze z tradic,\u201c \u0159\u00edk\u00e1 Dr. Nikolas Stihl, p\u0159edseda dozor\u010d\u00ed rady a poradn\u00edho sboru spole\u010dnosti STIHL. \u201e\u00dasp\u011b\u0161n\u00e1 m\u016f\u017ee z\u016fstat po cel\u00e9 stolet\u00ed pouze tehdy, pokud zn\u00e1 sv\u00e9 ko\u0159eny a z\u00e1rove\u0148 rozpozn\u00e1, kdy je \u010das za\u010d\u00edt novou kapitolu. S t\u00edmto v\u011bdom\u00edm nen\u00ed na\u0161e v\u00fdro\u010d\u00ed pouze p\u0159\u00edle\u017eitost\u00ed k ohl\u00e9dnut\u00ed, ale tak\u00e9 okam\u017eikem k&nbsp;uv\u011bdom\u011bn\u00ed si s\u00edly, kter\u00e1 pramen\u00ed z kombinace na\u0161eho d\u011bdictv\u00ed, technick\u00fdch znalost\u00ed a odvahy k inovac\u00edm.\u201c&nbsp;<\/p>\n<p>Tento p\u0159\u00edstup podtrhuje slogan: \u201eDoma v p\u0159\u00edrod\u011b. Od roku 1926.\u201c, kter\u00fd ct\u00ed ko\u0159eny spole\u010dnosti STIHL. Ta od sam\u00e9ho po\u010d\u00e1tku vyr\u00e1b\u011bla revolu\u010dn\u00ed produkty ur\u010den\u00e9 \u201ek usnadn\u011bn\u00ed pr\u00e1ce s p\u0159\u00edrodou a v p\u0159\u00edrod\u011b\u201c pro lesn\u00ed d\u011bln\u00edky, jak to kdysi formuloval zakladatel Andreas Stihl (1896\u20131973). Tato z\u00e1sada dlouhodob\u011b odr\u00e1\u017e\u00ed z\u00e1vazek spole\u010dnosti pe\u010dovat o p\u0159\u00edrodu a chr\u00e1nit ji.<\/p>\n<p><strong>&nbsp;<\/strong><\/p>\n<p><strong>Produkty pro dvoj\u00ed technologick\u00e9 prvenstv\u00ed <\/strong><\/p>\n<p>C\u00edlem spole\u010dnosti je dos\u00e1hnout vedouc\u00ed pozice na glob\u00e1ln\u00edm trhu s bateriemi. Pod\u00edl bateriov\u00fdch produkt\u016f ve spole\u010dnosti STIHL neust\u00e1le roste a v sou\u010dasn\u00e9 dob\u011b tvo\u0159\u00ed jednu \u010dtvrtinu v\u0161ech prodan\u00fdch produkt\u016f STIHL. Bateriov\u00e9 n\u00e1\u0159ad\u00ed je obzvl\u00e1\u0161t\u011b obl\u00edben\u00e9 v z\u00e1padn\u00ed Evrop\u011b: v zem\u00edch jako N\u011bmecko a \u0160v\u00fdcarsko ji\u017e prodej t\u011bchto produkt\u016f STIHL p\u0159esahuje 60 procent. Spole\u010dnost ned\u00e1vno slavnostn\u011b otev\u0159ela sv\u016fj osm\u00fd v\u00fdrobn\u00ed z\u00e1vod v rumunsk\u00e9 Oradei. Ten se zam\u011b\u0159uje v\u00fdhradn\u011b na v\u00fdrobu akumul\u00e1torov\u00fdch n\u00e1stroj\u016f pro evropsk\u00fd trh. Sou\u010d\u00e1st\u00ed produktov\u00e9 rodiny STIHL v\u0161ak i nad\u00e1le z\u016fst\u00e1vaj\u00ed vysoce kvalitn\u00ed benz\u00ednov\u00e9 stroje, do kter\u00fdch spole\u010dnost STIHL i nad\u00e1le investuje s ohledem na budouc\u00ed \u017eivotaschopnost a udr\u017eitelnost. \u201eOd roku 1971 jsme nejprod\u00e1van\u011bj\u0161\u00ed zna\u010dkou motorov\u00fdch pil na sv\u011btov\u00e9m trhu a na tomto \u00fasp\u011bchu chceme stav\u011bt,\u201c \u0159\u00edk\u00e1 Michael Traub, p\u0159edseda p\u0159edstavenstva spole\u010dnosti STIHL. \u201eSTIHL je synonymem pro kvalitn\u00ed produkty, bez ohledu na zdroj energie.\u201c&nbsp;<\/p>\n<p>Rovnov\u00e1ha mezi benzinovou a akumul\u00e1torovou technologi\u00ed i zam\u00fd\u0161len\u00e9 vedouc\u00ed postaven\u00ed v obou oblastech se odraz\u00ed v produktech, kter\u00e9 spole\u010dnost uvede na trh v&nbsp;tomto jubilejn\u00edm roce. Vedle pr\u016fkopnick\u00fdch novinek v oblasti akumul\u00e1torov\u00e9 techniky se z\u00e1kazn\u00edci mohou t\u011b\u0161it tak\u00e9 na inovativn\u00ed benzinov\u00e9 stroje. Benzinov\u00e1 motorov\u00e1 pila STIHL MS&nbsp;500i Centennial Edition je d\u016fkazem technick\u00e9ho mistrovstv\u00ed zna\u010dky, jej\u00edho v\u00fdvojov\u00e9ho know-how i nad\u0161en\u00ed pro inovace. Tato jubilejn\u00ed edice upout\u00e1 pozornost elegantn\u00edm \u010dern\u00fdm designem a bude k dost\u00e1n\u00ed v omezen\u00e9m po\u010dtu kus\u016f u vybran\u00fdch prodejc\u016f. P\u0159edev\u0161\u00edm v\u0161ak vzd\u00e1v\u00e1 hold legend\u00e1rn\u00ed pile STIHL MS 500i \u2013 prvn\u00ed s\u00e9riov\u011b vyr\u00e1b\u011bn\u00e9 benzinov\u00e9 motorov\u00e9 pile na sv\u011bt\u011b s elektronicky \u0159\u00edzen\u00fdm vst\u0159ikov\u00e1n\u00edm paliva.<\/p>\n<p>&nbsp;<\/p>\n<p><strong>Rozs\u00e1hl\u00e9 oslavy a rozmanit\u00e9 p\u0159\u00edb\u011bhy <\/strong><\/p>\n<p>V roce v\u00fdro\u010d\u00ed spole\u010dnosti STIHL se samoz\u0159ejm\u011b bude konat \u0159ada oslav. V z\u00e1vod\u011b ve Waiblingenu se zam\u011bstnanci mohou t\u011b\u0161it na speci\u00e1ln\u00ed zam\u011bstnaneckou oslavu v \u010dervenci 2026 \u2013 a to je jen jedna z mnoha pl\u00e1novan\u00fdch akc\u00ed. Stylov\u00e9 oslavy v\u00fdro\u010d\u00ed budou pro sv\u00e9 zam\u011bstnance po\u0159\u00e1dat z\u00e1vody spole\u010dnosti STIHL po cel\u00e9m sv\u011bt\u011b. Ve dnech 30. a 31. \u0159\u00edjna 2026 se ve Stuttgartu, rodi\u0161ti spole\u010dnosti STIHL, nav\u00edc uskute\u010dn\u00ed mistrovstv\u00ed sv\u011bta STIHL TIMBERSPORTS\u00ae Series. Sportovci budou v&nbsp;jeho pr\u016fb\u011bhu z\u00e1vodit v r\u016fzn\u00fdch discipl\u00edn\u00e1ch a otestuj\u00ed sv\u00e9 dovednosti v n\u00e1ro\u010dn\u00fdch sout\u011b\u017e\u00edch. Fanou\u0161ci spole\u010dnosti STIHL budou m\u00edt mo\u017enost zakoupit <a href=\"https:\/\/www.stihl.de\/de\/ac\/stihl-markenshop-172164\/100-jahre-stihl-1021002\">ve zna\u010dkov\u00e9m obchod\u011b STIHL<\/a> \u0159adu v\u00fdro\u010dn\u00edch produkt\u016f, jako jsou ta\u0161ky a mikiny s kapuc\u00ed, a projevit tak svou podporu hrd\u00e9 tradici spole\u010dnosti. T\u011b\u0161it se mohou tak\u00e9 na \u0161irokou \u0161k\u00e1lu slev po cel\u00e9m sv\u011bt\u011b. Na speci\u00e1ln\u00ed <a href=\"https:\/\/100.stihl.com\/\">v\u00fdro\u010dn\u00ed webov\u00e9 str\u00e1nce<\/a> spole\u010dnost STIHL shrom\u00e1\u017edila sb\u00edrku p\u0159\u00edb\u011bh\u016f z prvn\u00edch 100 let sv\u00e9 existence a nab\u00edz\u00ed i nahl\u00e9dnut\u00ed do sv\u00e9 sou\u010dasnosti a budoucnosti. Platforma zve z\u00e1jemce, aby objevili z\u00e1kladn\u00ed hodnoty a inovace zna\u010dky z nov\u00e9 perspektivy, a osv\u011btluje mnoho t\u00e9mat z&nbsp;jin\u00e9ho, vzru\u0161uj\u00edc\u00edho \u00fahlu pohledu. Mnoh\u00e9 z t\u011bchto p\u0159\u00edb\u011bh\u016f nebyly dosud nikdy vypr\u00e1v\u011bny a mohou p\u0159ekvapit i dlouholet\u00e9 zam\u011bstnance spole\u010dnosti STIHL.<\/p>\n<p>&nbsp;<\/p>\n<a href=\"https:\/\/www.phoenixcom.cz\/press\/wp-content\/uploads\/TZ_STIHL_100_let_final-.doc\" class=\"sc_button sc_button_style_regular theme_button sc_button_size_medium\">St\u00e1hnout tiskovou zpr\u00e1vu<\/a>\nngg_shortcode_0_placeholder\n","protected":false},"excerpt":{"rendered":"<p>To, co v roce 1926 za\u010dalo jako pr\u00e1ce jednoho mu\u017ee v d\u00edln\u011b ve Stuttgartu, se postupem \u010dasu stalo glob\u00e1ln\u00edm standardem pro akumul\u00e1torovou i benzinovou techniku ur\u010denou pro lesnictv\u00ed, \u00fadr\u017ebu zelen\u011b i pou\u017eit\u00ed v dom\u00e1cnostech. Glob\u00e1ln\u011b p\u016fsob\u00edc\u00ed rodinn\u00e1 firma STIHL, pevn\u011b zakotven\u00e1 v tradici benzinov\u00fdch v\u00fdrobk\u016f, dnes v\u011bdom\u011b uplat\u0148uje dvoj\u00ed strategii. Velk\u00fd potenci\u00e1l vid\u00ed i v [&hellip;]<\/p>\n","protected":false},"author":3,"featured_media":27618,"comment_status":"open","ping_status":"open","sticky":false,"template":"","format":"standard","meta":{"ngg_post_thumbnail":0},"categories":[40],"tags":[],"_links":{"self":[{"href":"https:\/\/www.phoenixcom.cz\/press\/wp-json\/wp\/v2\/posts\/27611"}],"collection":[{"href":"https:\/\/www.phoenixcom.cz\/press\/wp-json\/wp\/v2\/posts"}],"about":[{"href":"https:\/\/www.phoenixcom.cz\/press\/wp-json\/wp\/v2\/types\/post"}],"author":[{"embeddable":true,"href":"https:\/\/www.phoenixcom.cz\/press\/wp-json\/wp\/v2\/users\/3"}],"replies":[{"embeddable":true,"href":"https:\/\/www.phoenixcom.cz\/press\/wp-json\/wp\/v2\/comments?post=27611"}],"version-history":[{"count":1,"href":"https:\/\/www.phoenixcom.cz\/press\/wp-json\/wp\/v2\/posts\/27611\/revisions"}],"predecessor-version":[{"id":27620,"href":"https:\/\/www.phoenixcom.cz\/press\/wp-json\/wp\/v2\/posts\/27611\/revisions\/27620"}],"wp:featuredmedia":[{"embeddable":true,"href":"https:\/\/www.phoenixcom.cz\/press\/wp-json\/wp\/v2\/media\/27618"}],"wp:attachment":[{"href":"https:\/\/www.phoenixcom.cz\/press\/wp-json\/wp\/v2\/media?parent=27611"}],"wp:term":[{"taxonomy":"category","embeddable":true,"href":"https:\/\/www.phoenixcom.cz\/press\/wp-json\/wp\/v2\/categories?post=27611"},{"taxonomy":"post_tag","embeddable":true,"href":"https:\/\/www.phoenixcom.cz\/press\/wp-json\/wp\/v2\/tags?post=27611"}],"curies":[{"name":"wp","href":"https:\/\/api.w.org\/{rel}","templated":true}]}}