{"id":24507,"date":"2024-01-24T12:23:27","date_gmt":"2024-01-24T11:23:27","guid":{"rendered":"https:\/\/www.phoenixcom.cz\/press\/?p=24507"},"modified":"2024-02-07T13:41:05","modified_gmt":"2024-02-07T12:41:05","slug":"magicke-vecerni-dobrodruzstvi-na-stezce-krkonose-%e2%88%92-kouzelna-lesni-zvirata","status":"publish","type":"post","link":"https:\/\/www.phoenixcom.cz\/press\/magicke-vecerni-dobrodruzstvi-na-stezce-krkonose-%e2%88%92-kouzelna-lesni-zvirata\/","title":{"rendered":"MAGICK\u00c9 VE\u010cERN\u00cd DOBRODRU\u017dSTV\u00cd NA STEZCE KRKONO\u0160E \u2212 KOUZELN\u00c1 LESN\u00cd ZV\u00cd\u0158ATA"},"content":{"rendered":"<p><strong>Stezka korunami strom\u016f Krkono\u0161e s&nbsp;radost\u00ed zve na jedine\u010dnou ve\u010dern\u00ed pod\u00edvanou \u2013 magick\u00e9 dobrodru\u017estv\u00ed uprost\u0159ed p\u0159ekr\u00e1sn\u00e9 p\u0159\u00edrody. V&nbsp;pr\u016fb\u011bhu jarn\u00edch pr\u00e1zdnin, od 3. \u00fanora do 17. b\u0159ezna, se n\u00e1v\u0161t\u011bvn\u00edci Krkono\u0161 mohou poprv\u00e9 t\u011b\u0161it na trasu osv\u011btlenou po cel\u00e9 d\u00e9lce stezky. Zcela v\u00fdjime\u010dnou atmosf\u00e9ru j\u00ed p\u0159i t\u00e9to p\u0159\u00edle\u017eitosti dodaj\u00ed osv\u011btlen\u00e9 3D a 2D modely lesn\u00edch zv\u00ed\u0159at v&nbsp;nad\u017eivotn\u00ed velikosti. <\/strong><\/p>\n<p><strong>Ze sjezdovky na Stezku<\/strong><\/p>\n<p>Pokud se o jarn\u00edch pr\u00e1zdnin\u00e1ch chyst\u00e1te na ly\u017ee do Krkono\u0161, m\u016f\u017eete si svou dovolenou zpest\u0159it pr\u00e1v\u011b n\u00e1v\u0161t\u011bvou Stezky. P\u0159\u00edjemn\u00e1 proch\u00e1zka po osv\u011btlen\u00e9 trase, hork\u00fd n\u00e1poj \u010di ve\u010de\u0159e v&nbsp;restauraci V&nbsp;korun\u00e1ch je ide\u00e1ln\u00edm zakon\u010den\u00edm dne str\u00e1ven\u00e9ho na svahu. S\u00e1zka na kvalitu, \u010derstvost a region\u00e1ln\u00ed potraviny v m\u00edstn\u00ed kuchyni se vypl\u00e1c\u00ed a host\u00e9 odch\u00e1zej\u00ed spokojen\u00ed.<\/p>\n<p><strong>Prodlou\u017een\u00e1 otev\u00edrac\u00ed doba<\/strong><\/p>\n<p>K&nbsp;proch\u00e1zce stezkou m\u016f\u017eete v&nbsp;tomto nev\u0161edn\u00edm obdob\u00ed vyu\u017e\u00edt prodlou\u017eenou otev\u00edrac\u00ed dobu, kter\u00e1 v\u00e1m umo\u017en\u00ed pono\u0159it se do kouzeln\u00e9 ve\u010dern\u00ed atmosf\u00e9ry. Posledn\u00ed vstup bude mo\u017en\u00fd v&nbsp;19.30, aby m\u011bl ka\u017ed\u00fd dostatek \u010dasu vychutnat si magickou cestu korunami strom\u016f. Provozn\u00ed doba stezky, restaurace V korun\u00e1ch i obchodu se suven\u00fdry je prodlou\u017eena do 20.30. Vstupenky budou k zakoupen\u00ed na pokladn\u011b \u010di <a href=\"https:\/\/eshop.stezkakrkonose.cz\/cz\/\">e-shopu<\/a> stezky.<\/p>\n<p><strong>Komentovan\u00e9 prohl\u00eddky<\/strong><\/p>\n<p>Pro ty, kdo vyhled\u00e1vaj\u00ed nejen vizu\u00e1ln\u00ed z\u00e1\u017eitky, ale i zaj\u00edmav\u00e9 informace, budou k&nbsp;dispozici komentovan\u00e9 prohl\u00eddky. Zku\u0161en\u00fd pr\u016fvodce ze Spr\u00e1vy Krkono\u0161sk\u00e9ho n\u00e1rodn\u00edho parku v\u00e1s provede podmanivou lesn\u00ed \u0159\u00ed\u0161\u00ed. Proniknete do tajemn\u00e9ho lesn\u00edho \u017eivota, pozn\u00e1te okoln\u00ed stromy, rostliny i \u017eivo\u010dichy, a prozkoum\u00e1te tak les z&nbsp;jin\u00e9 perspektivy. Speci\u00e1ln\u00ed prohl\u00eddky jsou pro v\u00e1s p\u0159ipraveny ka\u017edou st\u0159edu od 18.00 hodin, prvn\u00ed ji\u017e 7. \u00fanora. Cena vstupn\u00e9ho z\u016fst\u00e1v\u00e1 stejn\u00e1.<\/p>\n<p>&nbsp;<\/p>\n<p><span style=\"color: #000000;\"><a href=\"https:\/\/www.phoenixcom.cz\/press\/wp-content\/uploads\/Magicke\u0301-vec\u030cerni\u0301-dobrodruz\u030cstvi\u0301-na-Stezce-Krkonos\u030c_final.docx\" class=\"sc_button sc_button_style_regular theme_button sc_button_size_medium\">St\u00e1hnout tiskovou zpr\u00e1vu<\/a><\/span><em>&nbsp;<\/em><\/p>\nngg_shortcode_0_placeholder\nngg_shortcode_1_placeholder\n","protected":false},"excerpt":{"rendered":"<p>Stezka korunami strom\u016f Krkono\u0161e s&nbsp;radost\u00ed zve na jedine\u010dnou ve\u010dern\u00ed pod\u00edvanou \u2013 magick\u00e9 dobrodru\u017estv\u00ed uprost\u0159ed p\u0159ekr\u00e1sn\u00e9 p\u0159\u00edrody. V&nbsp;pr\u016fb\u011bhu jarn\u00edch pr\u00e1zdnin, od 3. \u00fanora do 17. b\u0159ezna, se n\u00e1v\u0161t\u011bvn\u00edci Krkono\u0161 mohou poprv\u00e9 t\u011b\u0161it na trasu osv\u011btlenou po cel\u00e9 d\u00e9lce stezky. Zcela v\u00fdjime\u010dnou atmosf\u00e9ru j\u00ed p\u0159i t\u00e9to p\u0159\u00edle\u017eitosti dodaj\u00ed osv\u011btlen\u00e9 3D a 2D modely lesn\u00edch zv\u00ed\u0159at v&nbsp;nad\u017eivotn\u00ed velikosti. [&hellip;]<\/p>\n","protected":false},"author":3,"featured_media":24514,"comment_status":"open","ping_status":"open","sticky":false,"template":"","format":"standard","meta":{"ngg_post_thumbnail":0},"categories":[153],"tags":[],"_links":{"self":[{"href":"https:\/\/www.phoenixcom.cz\/press\/wp-json\/wp\/v2\/posts\/24507"}],"collection":[{"href":"https:\/\/www.phoenixcom.cz\/press\/wp-json\/wp\/v2\/posts"}],"about":[{"href":"https:\/\/www.phoenixcom.cz\/press\/wp-json\/wp\/v2\/types\/post"}],"author":[{"embeddable":true,"href":"https:\/\/www.phoenixcom.cz\/press\/wp-json\/wp\/v2\/users\/3"}],"replies":[{"embeddable":true,"href":"https:\/\/www.phoenixcom.cz\/press\/wp-json\/wp\/v2\/comments?post=24507"}],"version-history":[{"count":3,"href":"https:\/\/www.phoenixcom.cz\/press\/wp-json\/wp\/v2\/posts\/24507\/revisions"}],"predecessor-version":[{"id":24577,"href":"https:\/\/www.phoenixcom.cz\/press\/wp-json\/wp\/v2\/posts\/24507\/revisions\/24577"}],"wp:featuredmedia":[{"embeddable":true,"href":"https:\/\/www.phoenixcom.cz\/press\/wp-json\/wp\/v2\/media\/24514"}],"wp:attachment":[{"href":"https:\/\/www.phoenixcom.cz\/press\/wp-json\/wp\/v2\/media?parent=24507"}],"wp:term":[{"taxonomy":"category","embeddable":true,"href":"https:\/\/www.phoenixcom.cz\/press\/wp-json\/wp\/v2\/categories?post=24507"},{"taxonomy":"post_tag","embeddable":true,"href":"https:\/\/www.phoenixcom.cz\/press\/wp-json\/wp\/v2\/tags?post=24507"}],"curies":[{"name":"wp","href":"https:\/\/api.w.org\/{rel}","templated":true}]}}